{"id":10525,"date":"2020-04-23T16:03:47","date_gmt":"2020-04-23T19:03:47","guid":{"rendered":"https:\/\/arquivosfutebolbrasil.com.br\/blog\/?p=10525"},"modified":"2020-04-23T16:03:47","modified_gmt":"2020-04-23T19:03:47","slug":"torneio-inicio-mineiro-juvenil-1949-2","status":"publish","type":"post","link":"https:\/\/arquivosfutebolbrasil.com.br\/blog\/2020\/04\/23\/torneio-inicio-mineiro-juvenil-1949-2\/","title":{"rendered":"Torneio In\u00edcio Mineiro &#8211; Juvenil &#8211; 1949"},"content":{"rendered":"\n<p>Data: 31 de julho de 1949<br>Local: Est\u00e1dio da Alameda,em Belo Horizonte<\/p>\n\n\n\n<p>1\u00ba jogo &#8211; Am\u00e9rica 1\u00d70 Nacional<br>2\u00ba jogo &#8211; Cruzeiro 1\u00d71 Atl\u00e9tico (3&#215;0 pen)<br>3\u00ba jogo &#8211; Paissand\u00fa 1\u00d71 Guarani (3&#215;2 pen)<br>4\u00ba jogo &#8211; Am\u00e9rica 1\u00d70 Sete de Setembro<br>5\u00ba jogo &#8211; Paissand\u00fa 1\u00d70 Cruzeiro<br>Final &#8211; Paissand\u00fa 1\u00d70 Am\u00e9rica<\/p>\n\n\n\n<p>Campe\u00e3o \u2013 Esporte Clube Paissand\u00fa (Belo Horizonte \u2013 MG)<\/p>\n\n\n\n<p>Fonte: Cl\u00e1udio Freati<\/p>\n\r\n","protected":false},"excerpt":{"rendered":"<p>Data: 31 de julho de 1949Local: Est\u00e1dio da Alameda,em Belo Horizonte 1\u00ba jogo &#8211; Am\u00e9rica 1\u00d70 Nacional2\u00ba jogo &#8211; Cruzeiro 1\u00d71 Atl\u00e9tico (3&#215;0 pen)3\u00ba jogo &#8211; Paissand\u00fa 1\u00d71 Guarani (3&#215;2 pen)4\u00ba jogo &#8211; Am\u00e9rica 1\u00d70 Sete de Setembro5\u00ba jogo &#8211; Paissand\u00fa 1\u00d70 CruzeiroFinal &#8211; Paissand\u00fa 1\u00d70 Am\u00e9rica Campe\u00e3o \u2013 Esporte Clube Paissand\u00fa (Belo Horizonte \u2013 [&hellip;]<\/p>\n","protected":false},"author":2,"featured_media":0,"comment_status":"open","ping_status":"open","sticky":false,"template":"","format":"standard","meta":{"footnotes":""},"categories":[48,56,23],"tags":[],"class_list":["post-10525","post","type-post","status-publish","format-standard","hentry","category-campeonatos-historicos","category-futebol-categorias-de-base","category-minas-gerais"],"_links":{"self":[{"href":"https:\/\/arquivosfutebolbrasil.com.br\/blog\/wp-json\/wp\/v2\/posts\/10525"}],"collection":[{"href":"https:\/\/arquivosfutebolbrasil.com.br\/blog\/wp-json\/wp\/v2\/posts"}],"about":[{"href":"https:\/\/arquivosfutebolbrasil.com.br\/blog\/wp-json\/wp\/v2\/types\/post"}],"author":[{"embeddable":true,"href":"https:\/\/arquivosfutebolbrasil.com.br\/blog\/wp-json\/wp\/v2\/users\/2"}],"replies":[{"embeddable":true,"href":"https:\/\/arquivosfutebolbrasil.com.br\/blog\/wp-json\/wp\/v2\/comments?post=10525"}],"version-history":[{"count":1,"href":"https:\/\/arquivosfutebolbrasil.com.br\/blog\/wp-json\/wp\/v2\/posts\/10525\/revisions"}],"predecessor-version":[{"id":10526,"href":"https:\/\/arquivosfutebolbrasil.com.br\/blog\/wp-json\/wp\/v2\/posts\/10525\/revisions\/10526"}],"wp:attachment":[{"href":"https:\/\/arquivosfutebolbrasil.com.br\/blog\/wp-json\/wp\/v2\/media?parent=10525"}],"wp:term":[{"taxonomy":"category","embeddable":true,"href":"https:\/\/arquivosfutebolbrasil.com.br\/blog\/wp-json\/wp\/v2\/categories?post=10525"},{"taxonomy":"post_tag","embeddable":true,"href":"https:\/\/arquivosfutebolbrasil.com.br\/blog\/wp-json\/wp\/v2\/tags?post=10525"}],"curies":[{"name":"wp","href":"https:\/\/api.w.org\/{rel}","templated":true}]}}